{"id":1975,"date":"2025-02-26T18:21:03","date_gmt":"2025-02-26T18:21:03","guid":{"rendered":"https:\/\/www.willeague.com\/italia\/?p=1975"},"modified":"2025-02-26T18:21:03","modified_gmt":"2025-02-26T18:21:03","slug":"sharenting-i-pericoli-della-condivisione-online-di-contenuti-sui-minori-da-parte-dei-genitori","status":"publish","type":"post","link":"https:\/\/www.willeague.com\/italia\/2025\/02\/26\/sharenting-i-pericoli-della-condivisione-online-di-contenuti-sui-minori-da-parte-dei-genitori\/","title":{"rendered":"Sharenting: i pericoli della condivisione online di contenuti sui minori da parte dei genitori"},"content":{"rendered":"<p>[et_pb_section fb_built=&#8221;1&#8243; admin_label=&#8221;Section&#8221; _builder_version=&#8221;4.18.1&#8243; _dynamic_attributes=&#8221;background_image&#8221; _module_preset=&#8221;default&#8221; use_background_color_gradient=&#8221;on&#8221; background_color_gradient_stops=&#8221;rgba(0,0,0,0.2) 0%|rgba(0,0,0,0.3) 100%&#8221; background_color_gradient_overlays_image=&#8221;on&#8221; background_image=&#8221;@ET-DC@eyJkeW5hbWljIjp0cnVlLCJjb250ZW50IjoicG9zdF9mZWF0dXJlZF9pbWFnZSIsInNldHRpbmdzIjp7fX0=@&#8221; background_position=&#8221;top_right&#8221; background_blend=&#8221;multiply&#8221; min_height=&#8221;483.4px&#8221; collapsed=&#8221;on&#8221; global_colors_info=&#8221;{}&#8221; theme_builder_area=&#8221;post_content&#8221;][et_pb_row _builder_version=&#8221;4.18.1&#8243; _module_preset=&#8221;default&#8221; module_alignment=&#8221;center&#8221; custom_padding=&#8221;0px|||||&#8221; global_colors_info=&#8221;{}&#8221; theme_builder_area=&#8221;post_content&#8221;][et_pb_column type=&#8221;4_4&#8243; _builder_version=&#8221;4.17.4&#8243; _module_preset=&#8221;default&#8221; custom_padding=&#8221;5%||||false|false&#8221; custom_padding_tablet=&#8221;0%||||false|false&#8221; custom_padding_phone=&#8221;0%||||false|false&#8221; custom_padding_last_edited=&#8221;on|tablet&#8221; global_colors_info=&#8221;{}&#8221; theme_builder_area=&#8221;post_content&#8221;][et_pb_text _builder_version=&#8221;4.18.1&#8243; _dynamic_attributes=&#8221;content&#8221; _module_preset=&#8221;c16985e1-e0d6-4022-964d-e2bfc04fa633&#8243; header_font=&#8221;Montserrat|700|||||||&#8221; header_text_color=&#8221;#FFFFFF&#8221; header_font_size=&#8221;55px&#8221; header_line_height=&#8221;1.3em&#8221; text_orientation=&#8221;center&#8221; min_height=&#8221;185px&#8221; custom_margin=&#8221;||2px|||&#8221; header_font_size_tablet=&#8221;40px&#8221; header_font_size_phone=&#8221;24px&#8221; header_font_size_last_edited=&#8221;on|desktop&#8221; global_colors_info=&#8221;{}&#8221; theme_builder_area=&#8221;post_content&#8221;]@ET-DC@eyJkeW5hbWljIjp0cnVlLCJjb250ZW50IjoicG9zdF90aXRsZSIsInNldHRpbmdzIjp7ImJlZm9yZSI6IjxoMT4iLCJhZnRlciI6IjwvaDE+In19@[\/et_pb_text][\/et_pb_column][\/et_pb_row][\/et_pb_section][et_pb_section fb_built=&#8221;1&#8243; admin_label=&#8221;About&#8221; _builder_version=&#8221;4.17.4&#8243; _module_preset=&#8221;default&#8221; custom_padding=&#8221;3px|||||&#8221; collapsed=&#8221;on&#8221; global_colors_info=&#8221;{}&#8221; theme_builder_area=&#8221;post_content&#8221;][et_pb_row column_structure=&#8221;1_2,1_2&#8243; _builder_version=&#8221;4.18.1&#8243; _module_preset=&#8221;default&#8221; custom_padding=&#8221;3px|||||&#8221; global_colors_info=&#8221;{}&#8221; theme_builder_area=&#8221;post_content&#8221;][et_pb_column type=&#8221;1_2&#8243; _builder_version=&#8221;4.18.1&#8243; _module_preset=&#8221;default&#8221; global_colors_info=&#8221;{}&#8221; theme_builder_area=&#8221;post_content&#8221;][et_pb_text _builder_version=&#8221;4.18.1&#8243; _dynamic_attributes=&#8221;content&#8221; _module_preset=&#8221;e6504a1b-67eb-4b3d-b023-bcab277610b6&#8243; text_font=&#8221;Montserrat|600|||||||&#8221; text_text_color=&#8221;#996e3d&#8221; text_font_size=&#8221;16px&#8221; header_4_font=&#8221;Montserrat|700||on|||||&#8221; header_4_text_color=&#8221;#aa6923&#8243; header_4_font_size=&#8221;15px&#8221; header_4_letter_spacing=&#8221;1px&#8221; header_4_line_height=&#8221;1.4em&#8221; custom_margin=&#8221;78px||0px||false|false&#8221; custom_padding=&#8221;||17px|||&#8221; locked=&#8221;off&#8221; global_colors_info=&#8221;{}&#8221; theme_builder_area=&#8221;post_content&#8221;]@ET-DC@eyJkeW5hbWljIjp0cnVlLCJjb250ZW50IjoicG9zdF9kYXRlIiwic2V0dGluZ3MiOnsiYmVmb3JlIjoiIiwiYWZ0ZXIiOiIiLCJkYXRlX2Zvcm1hdCI6ImRlZmF1bHQiLCJjdXN0b21fZGF0ZV9mb3JtYXQiOiIifX0=@[\/et_pb_text][\/et_pb_column][et_pb_column type=&#8221;1_2&#8243; _builder_version=&#8221;4.18.1&#8243; _module_preset=&#8221;default&#8221; global_colors_info=&#8221;{}&#8221; theme_builder_area=&#8221;post_content&#8221;][et_pb_text _builder_version=&#8221;4.18.1&#8243; _dynamic_attributes=&#8221;content&#8221; _module_preset=&#8221;e6504a1b-67eb-4b3d-b023-bcab277610b6&#8243; text_font=&#8221;Montserrat|600|||||||&#8221; text_text_color=&#8221;#996e3d&#8221; text_font_size=&#8221;16px&#8221; header_4_font=&#8221;Montserrat|700||on|||||&#8221; header_4_text_color=&#8221;#aa6923&#8243; header_4_font_size=&#8221;15px&#8221; header_4_letter_spacing=&#8221;1px&#8221; header_4_line_height=&#8221;1.4em&#8221; text_orientation=&#8221;right&#8221; custom_margin=&#8221;78px||0px||false|false&#8221; custom_margin_tablet=&#8221;0px||||false|false&#8221; custom_margin_phone=&#8221;0px||||false|false&#8221; custom_margin_last_edited=&#8221;on|phone&#8221; custom_padding=&#8221;||17px|||&#8221; text_orientation_tablet=&#8221;left&#8221; text_orientation_phone=&#8221;left&#8221; text_orientation_last_edited=&#8221;on|phone&#8221; locked=&#8221;off&#8221; global_colors_info=&#8221;{}&#8221; theme_builder_area=&#8221;post_content&#8221;]@ET-DC@eyJkeW5hbWljIjp0cnVlLCJjb250ZW50IjoicG9zdF9hdXRob3IiLCJzZXR0aW5ncyI6eyJiZWZvcmUiOiJTY3JpdHRvIGRhICIsImFmdGVyIjoiIiwibmFtZV9mb3JtYXQiOiJkaXNwbGF5X25hbWUiLCJsaW5rIjoib2ZmIiwibGlua19kZXN0aW5hdGlvbiI6ImF1dGhvcl9hcmNoaXZlIn19@[\/et_pb_text][\/et_pb_column][\/et_pb_row][et_pb_row _builder_version=&#8221;4.18.1&#8243; _module_preset=&#8221;default&#8221; global_colors_info=&#8221;{}&#8221; theme_builder_area=&#8221;post_content&#8221;][et_pb_column type=&#8221;4_4&#8243; _builder_version=&#8221;4.18.1&#8243; _module_preset=&#8221;default&#8221; global_colors_info=&#8221;{}&#8221; theme_builder_area=&#8221;post_content&#8221;][et_pb_text _builder_version=&#8221;4.21.0&#8243; _module_preset=&#8221;default&#8221; text_font=&#8221;Montserrat||||||||&#8221; text_font_size=&#8221;17px&#8221; text_line_height=&#8221;1.65em&#8221; width=&#8221;69%&#8221; module_alignment=&#8221;center&#8221; custom_margin=&#8221;|-425px||||&#8221; hover_enabled=&#8221;0&#8243; locked=&#8221;off&#8221; global_colors_info=&#8221;{}&#8221; theme_builder_area=&#8221;post_content&#8221; sticky_enabled=&#8221;0&#8243;]<\/p>\n<p>&nbsp;<\/p>\n<p style=\"text-align: justify;\">Basta farsi un &#8220;giro&#8221; su Facebook per poter constatare quanti genitori, nonni, zii e il resto della rete parentale pubblichino allegramente\u00a0le foto di figli e nipoti.\u00a0<\/p>\n<p style=\"text-align: justify;\">Basta poi farsi un giro in qualche studio legale per rendersi conto di come la questione apparentemente di poco\u00a0conto sia causa di furibondi litigi, soprattutto\u00a0nelle controversie familiari relative all&#8217;affidamento e gestione dei minori.<\/p>\n<p style=\"text-align: justify;\">Partiamo da un punto per me imprescindibile: personalmente e professionalmente\u00a0trovo questo genere di attivit\u00e0 aberrante, improvvida e pericolosa ed assieme a me tanti altri , tra i quali il Garante per la protezione dei dati personali, che lo scorso 13 novembre con uno specifico provvedimento ha fornito un&#8217;indicazione univoca su quale sia lo stato dell&#8217;arte, ammonendo un padre che aveva pubblicato una fotografia del figlio infraquattordicenne su Facebook, senza il consenso dell\u2019altro genitore.\u00a0<\/p>\n<p style=\"text-align: justify;\">Il quadro normativo di riferimento \u00e8 costituito\u00a0dal GDPR , che all&#8217;art. 8 affida\u00a0il compito di prestare il consenso al trattamento dei dati del minore di quattordici anni\u00a0\u00a0a\u00a0chi esercita la responsabilit\u00e0 genitoriale ;\u00a0ci\u00f2 anche in base all&#8217;art.2-quinquies, che specificatamente indica\u00a0a\u00a0<strong>necessit\u00e0 di una protezione particolare per i minori in ambito digitale<\/strong>. E&#8217; infine necessario , ex art.5 GDPR, che il trattamento\u00a0avvenga sulla base di una valida base giuridica, il consenso dell&#8217;interessato .Alle norme del GDPR si affiancano quelle internazionali, nel caso di specie la Convenzione di New York del 1989\u00a0sui diritti del fanciullo, ratificata con la legge 176\/91,la quale agli articoli 1 e 16 prevede espressamente il\u00a0<strong>diritto del minore a vedere tutelata la propria immagine e la sua sfera privata<\/strong>.\u00a0Da quanto scritto , direi perci\u00f2 che emerge in modo piuttosto evidente la volont\u00e0 del legislatore di proteggere il minore nel mondo digitale, poich\u00e8 dalle dinamiche dell&#8217;internet deriva una diffusione incontrollata delle informazioni, virale, che ne pregiudica la riservatezza .<\/p>\n<p style=\"text-align: justify;\">Quindi come ha deciso l&#8217;AG? Ha ritenuto violato l&#8217;art.5 GDPR poich\u00e9\u00a0<strong>la pubblicazione dell\u2019immagine del minore era priva di una valida base giuridica<\/strong>, mancando ex art. 2 e 8 GDPR, il consenso di entrambi i genitori che\u00a0<strong>congiuntamente<\/strong>\u00a0esercitano la responsabilit\u00e0 genitoriale.\u00a0L\u2019Autorit\u00e0 ha evidenziato inoltre come la pubblicazione di immagini di minori sui social,\u00a0porti con s\u00e8 una serie di imprevedibili conseguenze giuridiche, ma non solo, che vanno ad interessare la loro sfera privata e il diritto fondamentale alla protezione dei dati personali.<\/p>\n<p style=\"text-align: justify;\">Il provvedimento adottato dal Garante \u00e8 una risposta dell&#8217;ordinamento al fenomeno dello\u00a0<strong>sharenting,\u00a0<\/strong>\u00a0cio\u00e8 dell&#8217;abitudine, purtroppo\u00a0sempre pi\u00f9 diffusa tra genitori e nonni (pi\u00f9 tra i genitori in realt\u00e0 perch\u00e8 i nonni sembrano essere pi\u00f9 cauti)di\u00a0pubblicare sui social le foto e i video dei figli, non avendo alcuna consapevolezza di ci\u00f2 che potrebbe accadere, perch\u00e8 purtroppo i social sono territorio di caccia dei pedofili. Assicuro che \u00e8 molto facile attraverso foto e video capire molto del minore che diventa cos\u00ec una preda appetibile<\/p>\n<p style=\"text-align: justify;\">Bisogna sottolineare come il provvedimento\u00a0del Garante sia in linea\u00a0con quello della\u00a0<strong>giurisprudenza di merito<\/strong>, secondo la quale il carattere pervasivo e permanente della diffusione in rete, unito alla possibilit\u00e0 di un loro uso per scopi illeciti, delle immagini dei minori da parte di terzi di animati da cattive intenzioni, amplifica i rischi connessi alla violazione della riservatezza con grave pregiudizio per il minore stesso. Vale la pena leggersi\u00a0l\u2019ordinanza del 19 settembre 2017\u00a0del Tribunale di Mantova, la quale ha indicato in modo chiaro che la pubblicazione di immagini di minori pu\u00f2\u00a0esporli\u00a0a pericoli concreti, tra cui il cyberbullismo, il furto d\u2019identit\u00e0 e il rischio di sfruttamento sessuale online.<\/p>\n<p style=\"text-align: justify;\">Se proprio mammina o paparino vogliono a tutti costi pubblicare il video della propria stirpe che tormenta il cane di casa , cosa debbono fare? E<strong>vitare la pubblicazione di fotografie che possano rendere facilmente identificabile il minore<\/strong>,\u00a0al fine di proteggerne l\u2019identit\u00e0 e\u00a0limitarne\u00a0l\u2019esposizione nell\u2019ambiente digitale ,\u00a0cos\u00ec da renderle meno appetibili per i malintenzionati ,ad esempio\u00a0<strong>pixellando<\/strong>\u00a0o\u00a0<strong>sfocando i volti<\/strong>\u00a0, gli occhiali o i cappelli finti non servono. Infine si possono settare le impostazioni di privacy, cos\u00ec che la condivisione\u00a0 di foto e video avvenga solo tra un gruppo ristretto e predefinito di utenti, limitandone cos\u00ec la possibilit\u00e0\u00a0di diffusione.<\/p>\n<p style=\"text-align: justify;\"><strong>Avv. Raffaele Mantovani, foro di Modena. <\/strong><\/p>\n<p style=\"text-align: justify;\">\n<p style=\"text-align: justify;\">\n<p style=\"text-align: justify;\">[\/et_pb_text][\/et_pb_column][\/et_pb_row][et_pb_row _builder_version=&#8221;4.18.1&#8243; _module_preset=&#8221;default&#8221; global_colors_info=&#8221;{}&#8221; theme_builder_area=&#8221;post_content&#8221;][et_pb_column type=&#8221;4_4&#8243; _builder_version=&#8221;4.18.1&#8243; _module_preset=&#8221;default&#8221; global_colors_info=&#8221;{}&#8221; theme_builder_area=&#8221;post_content&#8221;][et_pb_post_nav prev_text=&#8221;Articolo precendente&#8221; next_text=&#8221;Articolo successivo&#8221; _builder_version=&#8221;4.18.1&#8243; _module_preset=&#8221;default&#8221; title_font_size_tablet=&#8221;&#8221; title_font_size_phone=&#8221;12px&#8221; title_font_size_last_edited=&#8221;on|phone&#8221; global_colors_info=&#8221;{}&#8221; theme_builder_area=&#8221;post_content&#8221;][\/et_pb_post_nav][\/et_pb_column][\/et_pb_row][\/et_pb_section]<\/p>\n","protected":false},"excerpt":{"rendered":"<p>&nbsp; Basta farsi un &#8220;giro&#8221; su Facebook per poter constatare quanti genitori, nonni, zii e il resto della rete parentale pubblichino allegramente\u00a0le foto di figli e nipoti.\u00a0 Basta poi farsi un giro in qualche studio legale per rendersi conto di come la questione apparentemente di poco\u00a0conto sia causa di furibondi litigi, soprattutto\u00a0nelle controversie familiari relative [&hellip;]<\/p>\n","protected":false},"author":5,"featured_media":1976,"comment_status":"closed","ping_status":"closed","sticky":false,"template":"","format":"standard","meta":{"_et_pb_use_builder":"on","_et_pb_old_content":"","_et_gb_content_width":"","footnotes":""},"categories":[1],"tags":[],"class_list":["post-1975","post","type-post","status-publish","format-standard","has-post-thumbnail","hentry","category-uncategorized"],"_links":{"self":[{"href":"https:\/\/www.willeague.com\/italia\/wp-json\/wp\/v2\/posts\/1975","targetHints":{"allow":["GET"]}}],"collection":[{"href":"https:\/\/www.willeague.com\/italia\/wp-json\/wp\/v2\/posts"}],"about":[{"href":"https:\/\/www.willeague.com\/italia\/wp-json\/wp\/v2\/types\/post"}],"author":[{"embeddable":true,"href":"https:\/\/www.willeague.com\/italia\/wp-json\/wp\/v2\/users\/5"}],"replies":[{"embeddable":true,"href":"https:\/\/www.willeague.com\/italia\/wp-json\/wp\/v2\/comments?post=1975"}],"version-history":[{"count":2,"href":"https:\/\/www.willeague.com\/italia\/wp-json\/wp\/v2\/posts\/1975\/revisions"}],"predecessor-version":[{"id":1978,"href":"https:\/\/www.willeague.com\/italia\/wp-json\/wp\/v2\/posts\/1975\/revisions\/1978"}],"wp:featuredmedia":[{"embeddable":true,"href":"https:\/\/www.willeague.com\/italia\/wp-json\/wp\/v2\/media\/1976"}],"wp:attachment":[{"href":"https:\/\/www.willeague.com\/italia\/wp-json\/wp\/v2\/media?parent=1975"}],"wp:term":[{"taxonomy":"category","embeddable":true,"href":"https:\/\/www.willeague.com\/italia\/wp-json\/wp\/v2\/categories?post=1975"},{"taxonomy":"post_tag","embeddable":true,"href":"https:\/\/www.willeague.com\/italia\/wp-json\/wp\/v2\/tags?post=1975"}],"curies":[{"name":"wp","href":"https:\/\/api.w.org\/{rel}","templated":true}]}}