{"id":1791,"date":"2024-06-19T15:08:55","date_gmt":"2024-06-19T15:08:55","guid":{"rendered":"https:\/\/www.willeague.com\/italia\/?p=1791"},"modified":"2024-06-19T15:08:55","modified_gmt":"2024-06-19T15:08:55","slug":"diritto-internazionale-aspetti-civili-della-sottrazione-internazionale-di-minori","status":"publish","type":"post","link":"https:\/\/www.willeague.com\/italia\/2024\/06\/19\/diritto-internazionale-aspetti-civili-della-sottrazione-internazionale-di-minori\/","title":{"rendered":"Diritto internazionale &#8211; Aspetti civili della sottrazione internazionale di minori"},"content":{"rendered":"<p>[et_pb_section fb_built=&#8221;1&#8243; admin_label=&#8221;Section&#8221; _builder_version=&#8221;4.18.1&#8243; _dynamic_attributes=&#8221;background_image&#8221; _module_preset=&#8221;default&#8221; use_background_color_gradient=&#8221;on&#8221; background_color_gradient_stops=&#8221;rgba(0,0,0,0.2) 0%|rgba(0,0,0,0.3) 100%&#8221; background_color_gradient_overlays_image=&#8221;on&#8221; background_image=&#8221;@ET-DC@eyJkeW5hbWljIjp0cnVlLCJjb250ZW50IjoicG9zdF9mZWF0dXJlZF9pbWFnZSIsInNldHRpbmdzIjp7fX0=@&#8221; background_position=&#8221;top_right&#8221; background_blend=&#8221;multiply&#8221; min_height=&#8221;483.4px&#8221; collapsed=&#8221;on&#8221; global_colors_info=&#8221;{}&#8221; theme_builder_area=&#8221;post_content&#8221;][et_pb_row _builder_version=&#8221;4.18.1&#8243; _module_preset=&#8221;default&#8221; module_alignment=&#8221;center&#8221; custom_padding=&#8221;0px|||||&#8221; global_colors_info=&#8221;{}&#8221; theme_builder_area=&#8221;post_content&#8221;][et_pb_column type=&#8221;4_4&#8243; _builder_version=&#8221;4.17.4&#8243; _module_preset=&#8221;default&#8221; custom_padding=&#8221;5%||||false|false&#8221; custom_padding_tablet=&#8221;0%||||false|false&#8221; custom_padding_phone=&#8221;0%||||false|false&#8221; custom_padding_last_edited=&#8221;on|tablet&#8221; global_colors_info=&#8221;{}&#8221; theme_builder_area=&#8221;post_content&#8221;][et_pb_text _builder_version=&#8221;4.18.1&#8243; _dynamic_attributes=&#8221;content&#8221; _module_preset=&#8221;c16985e1-e0d6-4022-964d-e2bfc04fa633&#8243; header_font=&#8221;Montserrat|700|||||||&#8221; header_text_color=&#8221;#FFFFFF&#8221; header_font_size=&#8221;55px&#8221; header_line_height=&#8221;1.3em&#8221; text_orientation=&#8221;center&#8221; min_height=&#8221;185px&#8221; custom_margin=&#8221;||2px|||&#8221; header_font_size_tablet=&#8221;40px&#8221; header_font_size_phone=&#8221;24px&#8221; header_font_size_last_edited=&#8221;on|desktop&#8221; global_colors_info=&#8221;{}&#8221; theme_builder_area=&#8221;post_content&#8221;]@ET-DC@eyJkeW5hbWljIjp0cnVlLCJjb250ZW50IjoicG9zdF90aXRsZSIsInNldHRpbmdzIjp7ImJlZm9yZSI6IjxoMT4iLCJhZnRlciI6IjwvaDE+In19@[\/et_pb_text][\/et_pb_column][\/et_pb_row][\/et_pb_section][et_pb_section fb_built=&#8221;1&#8243; admin_label=&#8221;About&#8221; _builder_version=&#8221;4.17.4&#8243; _module_preset=&#8221;default&#8221; custom_padding=&#8221;3px|||||&#8221; collapsed=&#8221;on&#8221; global_colors_info=&#8221;{}&#8221; theme_builder_area=&#8221;post_content&#8221;][et_pb_row column_structure=&#8221;1_2,1_2&#8243; _builder_version=&#8221;4.18.1&#8243; _module_preset=&#8221;default&#8221; custom_padding=&#8221;3px|||||&#8221; global_colors_info=&#8221;{}&#8221; theme_builder_area=&#8221;post_content&#8221;][et_pb_column type=&#8221;1_2&#8243; _builder_version=&#8221;4.18.1&#8243; _module_preset=&#8221;default&#8221; global_colors_info=&#8221;{}&#8221; theme_builder_area=&#8221;post_content&#8221;][et_pb_text _builder_version=&#8221;4.18.1&#8243; _dynamic_attributes=&#8221;content&#8221; _module_preset=&#8221;e6504a1b-67eb-4b3d-b023-bcab277610b6&#8243; text_font=&#8221;Montserrat|600|||||||&#8221; text_text_color=&#8221;#996e3d&#8221; text_font_size=&#8221;16px&#8221; header_4_font=&#8221;Montserrat|700||on|||||&#8221; header_4_text_color=&#8221;#aa6923&#8243; header_4_font_size=&#8221;15px&#8221; header_4_letter_spacing=&#8221;1px&#8221; header_4_line_height=&#8221;1.4em&#8221; custom_margin=&#8221;78px||0px||false|false&#8221; custom_padding=&#8221;||17px|||&#8221; locked=&#8221;off&#8221; global_colors_info=&#8221;{}&#8221; theme_builder_area=&#8221;post_content&#8221;]@ET-DC@eyJkeW5hbWljIjp0cnVlLCJjb250ZW50IjoicG9zdF9kYXRlIiwic2V0dGluZ3MiOnsiYmVmb3JlIjoiIiwiYWZ0ZXIiOiIiLCJkYXRlX2Zvcm1hdCI6ImRlZmF1bHQiLCJjdXN0b21fZGF0ZV9mb3JtYXQiOiIifX0=@[\/et_pb_text][\/et_pb_column][et_pb_column type=&#8221;1_2&#8243; _builder_version=&#8221;4.18.1&#8243; _module_preset=&#8221;default&#8221; global_colors_info=&#8221;{}&#8221; theme_builder_area=&#8221;post_content&#8221;][et_pb_text _builder_version=&#8221;4.18.1&#8243; _dynamic_attributes=&#8221;content&#8221; _module_preset=&#8221;e6504a1b-67eb-4b3d-b023-bcab277610b6&#8243; text_font=&#8221;Montserrat|600|||||||&#8221; text_text_color=&#8221;#996e3d&#8221; text_font_size=&#8221;16px&#8221; header_4_font=&#8221;Montserrat|700||on|||||&#8221; header_4_text_color=&#8221;#aa6923&#8243; header_4_font_size=&#8221;15px&#8221; header_4_letter_spacing=&#8221;1px&#8221; header_4_line_height=&#8221;1.4em&#8221; text_orientation=&#8221;right&#8221; custom_margin=&#8221;78px||0px||false|false&#8221; custom_margin_tablet=&#8221;0px||||false|false&#8221; custom_margin_phone=&#8221;0px||||false|false&#8221; custom_margin_last_edited=&#8221;on|phone&#8221; custom_padding=&#8221;||17px|||&#8221; text_orientation_tablet=&#8221;left&#8221; text_orientation_phone=&#8221;left&#8221; text_orientation_last_edited=&#8221;on|phone&#8221; locked=&#8221;off&#8221; global_colors_info=&#8221;{}&#8221; theme_builder_area=&#8221;post_content&#8221;]@ET-DC@eyJkeW5hbWljIjp0cnVlLCJjb250ZW50IjoicG9zdF9hdXRob3IiLCJzZXR0aW5ncyI6eyJiZWZvcmUiOiJTY3JpdHRvIGRhICIsImFmdGVyIjoiIiwibmFtZV9mb3JtYXQiOiJkaXNwbGF5X25hbWUiLCJsaW5rIjoib2ZmIiwibGlua19kZXN0aW5hdGlvbiI6ImF1dGhvcl9hcmNoaXZlIn19@[\/et_pb_text][\/et_pb_column][\/et_pb_row][et_pb_row _builder_version=&#8221;4.18.1&#8243; _module_preset=&#8221;default&#8221; global_colors_info=&#8221;{}&#8221; theme_builder_area=&#8221;post_content&#8221;][et_pb_column type=&#8221;4_4&#8243; _builder_version=&#8221;4.18.1&#8243; _module_preset=&#8221;default&#8221; global_colors_info=&#8221;{}&#8221; theme_builder_area=&#8221;post_content&#8221;][et_pb_text _builder_version=&#8221;4.21.0&#8243; _module_preset=&#8221;default&#8221; text_font=&#8221;Montserrat||||||||&#8221; text_font_size=&#8221;17px&#8221; text_line_height=&#8221;1.65em&#8221; width=&#8221;69%&#8221; module_alignment=&#8221;center&#8221; custom_margin=&#8221;|-425px||||&#8221; hover_enabled=&#8221;0&#8243; locked=&#8221;off&#8221; global_colors_info=&#8221;{}&#8221; theme_builder_area=&#8221;post_content&#8221; sticky_enabled=&#8221;0&#8243;]<\/p>\n<p style=\"text-align: justify;\">Con una importante sentenza resa all&#8217;esito di un procedimento cautelare d&#8217;urgenza, la Corte di Appello di Lussemburgo ha accolto il ricorso del <em>desk<\/em> italiano dello Studio legale <em>OMILIA Avocats <\/em>in tema di aspetti civili del rapimento internazionale di minori. Il giudice di seconde cure \u00e8 stato chiamato a decidere se l\u2019interesse superiore del minore fosse rimanere nel luogo di trattenimento illecito oppure rientrare nello Stato di residenza abituale. La Convenzione dell\u2019Aja del 25 ottobre 1980 stabilisce il principio secondo il quale deve essere disposto il rimpatrio immediato del minore qualora sia stato accertato giudizialmente il suo rapimento o trattenimento illecito in uno Stato altro che quello di residenza abituale. In forza dell\u2019art. 13 della gi\u00e0 menzionata Convenzione, il giudice che ha accertato il rapimento oppure l\u2019illecito trattenimento del minore pu\u00f2 negare il rimpatrio se il rientro espone il minore ad un grave pregiudizio.<\/p>\n<p style=\"text-align: justify;\">La Corte di Appello di Lussemburgo ha confermato questo principio pur affermando che la tutela dell\u2019interesse superiore del minore, nella specie non fare rientrare il minore nello Stato di residenza abituale dove avrebbe potuto essere esposto ad un grave rischio, non pu\u00f2 dipendere esclusivamente dalle dichiarazioni del minore essendo evidente che quelle dichiarazioni possono nascere dalla manipolazione del minore da parte del genitore convivente. La tutela dell\u2019interesse superiore del minore deve dipendere dal quadro probatorio complessivo nel quale vi rientrano a pieno titolo anche le dichiarazioni del minore. Le stesse, sottolinea la Corte, non possono essere considerate isolatamente ma alla luce delle altre circostanze del caso concreto. La Corte ha ulteriormente indicato che \u00e8 compito del giudice valutare la migliore tutela dell\u2019interesse superiore del fanciullo soprattutto se questi non ha un grado di maturit\u00e0 per esprimere consapevolmente la propria volont\u00e0.<\/p>\n<p style=\"text-align: justify;\">In effetti, n\u00e9 la Convenzione dell\u2019Aja del 25 ottobre 1980 n\u00e9 altre Convenzioni in tema di tutela dell\u2019interesse superiore del minore indicano esattamente la soglia di et\u00e0 di raggiungimento di tale grado di maturit\u00e0. Come \u00e8 stato indicato nel ricorso di impugnazione del <em>desk<\/em> italiano dello Studio legale <em>OMILIA Avocats<\/em>, la Convenzione di Strasburgo del 25 gennaio 1996 afferma che, pur essendo fondamentale ascoltare l\u2019opinione del minore, 1) egli deve essere sentito se ha una capacit\u00e0 di discernimento sufficiente e 2) non deve essere ascoltato se raccogliere la sua opinione sia manifestamente contrario ai suoi interessi. In breve, l\u2019ascolto del minore \u00e8 un principio fondamentale ma non assoluto (Corte europea dei diritti dell\u2019Uomo, causa Sneersone et Kampanella c\/ Italia, sentenza del 12 luglio 2011, nello stesso senso Corte di Giustizia dell\u2019UE, causa C-491\/10 Zarraga, sentenza del 22 dicembre 2010).<\/p>\n<p style=\"text-align: justify;\">I giudici di secondo grado hanno, per tale via, aderito all\u2019orientamento prevalente all\u2019interno della giurisprudenza della Corte europea dei diritti dell\u2019Uomo ad avviso della quale la Convenzione dell\u2019Aja del 25 ottobre 1980 non attribuisce al minore il diritto di scegliere il luogo in cui vivere n\u00e9 il suo rifiuto a rientrare nello Stato di abituale residenza impedisce al giudice nazionale di decidere del suo rimpatrio alla luce dell\u2019interesse superiore del fanciullo. In forza dei suddetti principi, la Corte di Appello di Lussemburgo, accogliendo il ricorso di impugnazione della sentenza del giudice di prime cure che aveva rigettato la richiesta di rimpatrio immediato del minore malgrado ne avesse accertato l\u2019avvenuto rapimento internazionale, ha disposto il rientro immediato del fanciullo nello Stato di residenza abituale.<\/p>\n<p style=\"text-align: justify;\">\n<p style=\"text-align: justify;\">Adv. Giuseppina Chirico for Italian Desk of OMILIA Avocats.<\/p>\n<p style=\"text-align: justify;\"><a href=\"http:\/\/www.omilia.lu\/\">http:\/\/www.omilia.lu\/<\/a><\/p>\n<p style=\"text-align: justify;\">[\/et_pb_text][\/et_pb_column][\/et_pb_row][et_pb_row _builder_version=&#8221;4.18.1&#8243; _module_preset=&#8221;default&#8221; global_colors_info=&#8221;{}&#8221; theme_builder_area=&#8221;post_content&#8221;][et_pb_column type=&#8221;4_4&#8243; _builder_version=&#8221;4.18.1&#8243; _module_preset=&#8221;default&#8221; global_colors_info=&#8221;{}&#8221; theme_builder_area=&#8221;post_content&#8221;][et_pb_post_nav prev_text=&#8221;Articolo precendente&#8221; next_text=&#8221;Articolo successivo&#8221; _builder_version=&#8221;4.18.1&#8243; _module_preset=&#8221;default&#8221; title_font_size_tablet=&#8221;&#8221; title_font_size_phone=&#8221;12px&#8221; title_font_size_last_edited=&#8221;on|phone&#8221; global_colors_info=&#8221;{}&#8221; theme_builder_area=&#8221;post_content&#8221;][\/et_pb_post_nav][\/et_pb_column][\/et_pb_row][\/et_pb_section]<\/p>\n","protected":false},"excerpt":{"rendered":"<p>Con una importante sentenza resa all&#8217;esito di un procedimento cautelare d&#8217;urgenza, la Corte di Appello di Lussemburgo ha accolto il ricorso del desk italiano dello Studio legale OMILIA Avocats in tema di aspetti civili del rapimento internazionale di minori. Il giudice di seconde cure \u00e8 stato chiamato a decidere se l\u2019interesse superiore del minore fosse [&hellip;]<\/p>\n","protected":false},"author":25,"featured_media":1792,"comment_status":"closed","ping_status":"closed","sticky":false,"template":"","format":"standard","meta":{"_et_pb_use_builder":"on","_et_pb_old_content":"","_et_gb_content_width":"","footnotes":""},"categories":[1],"tags":[],"class_list":["post-1791","post","type-post","status-publish","format-standard","has-post-thumbnail","hentry","category-uncategorized"],"_links":{"self":[{"href":"https:\/\/www.willeague.com\/italia\/wp-json\/wp\/v2\/posts\/1791","targetHints":{"allow":["GET"]}}],"collection":[{"href":"https:\/\/www.willeague.com\/italia\/wp-json\/wp\/v2\/posts"}],"about":[{"href":"https:\/\/www.willeague.com\/italia\/wp-json\/wp\/v2\/types\/post"}],"author":[{"embeddable":true,"href":"https:\/\/www.willeague.com\/italia\/wp-json\/wp\/v2\/users\/25"}],"replies":[{"embeddable":true,"href":"https:\/\/www.willeague.com\/italia\/wp-json\/wp\/v2\/comments?post=1791"}],"version-history":[{"count":2,"href":"https:\/\/www.willeague.com\/italia\/wp-json\/wp\/v2\/posts\/1791\/revisions"}],"predecessor-version":[{"id":1794,"href":"https:\/\/www.willeague.com\/italia\/wp-json\/wp\/v2\/posts\/1791\/revisions\/1794"}],"wp:featuredmedia":[{"embeddable":true,"href":"https:\/\/www.willeague.com\/italia\/wp-json\/wp\/v2\/media\/1792"}],"wp:attachment":[{"href":"https:\/\/www.willeague.com\/italia\/wp-json\/wp\/v2\/media?parent=1791"}],"wp:term":[{"taxonomy":"category","embeddable":true,"href":"https:\/\/www.willeague.com\/italia\/wp-json\/wp\/v2\/categories?post=1791"},{"taxonomy":"post_tag","embeddable":true,"href":"https:\/\/www.willeague.com\/italia\/wp-json\/wp\/v2\/tags?post=1791"}],"curies":[{"name":"wp","href":"https:\/\/api.w.org\/{rel}","templated":true}]}}