{"id":1311,"date":"2023-05-30T09:14:05","date_gmt":"2023-05-30T09:14:05","guid":{"rendered":"https:\/\/www.willeague.com\/italia\/?p=1311"},"modified":"2023-05-30T09:14:05","modified_gmt":"2023-05-30T09:14:05","slug":"le-aziende-estere-che-lavorano-in-italia-sono-soggette-alla-disciplina-prevista-dal-decreto-legislativo-8-giugno-2001-n-231","status":"publish","type":"post","link":"https:\/\/www.willeague.com\/italia\/2023\/05\/30\/le-aziende-estere-che-lavorano-in-italia-sono-soggette-alla-disciplina-prevista-dal-decreto-legislativo-8-giugno-2001-n-231\/","title":{"rendered":"Le aziende estere che lavorano in Italia sono soggette alla disciplina prevista dal decreto legislativo 8 giugno 2001, n. 231?"},"content":{"rendered":"<p>[et_pb_section fb_built=&#8221;1&#8243; admin_label=&#8221;Section&#8221; _builder_version=&#8221;4.18.1&#8243; _dynamic_attributes=&#8221;background_image&#8221; _module_preset=&#8221;default&#8221; use_background_color_gradient=&#8221;on&#8221; background_color_gradient_stops=&#8221;rgba(0,0,0,0.2) 0%|rgba(0,0,0,0.3) 100%&#8221; background_color_gradient_overlays_image=&#8221;on&#8221; background_image=&#8221;@ET-DC@eyJkeW5hbWljIjp0cnVlLCJjb250ZW50IjoicG9zdF9mZWF0dXJlZF9pbWFnZSIsInNldHRpbmdzIjp7fX0=@&#8221; background_position=&#8221;top_right&#8221; background_blend=&#8221;multiply&#8221; min_height=&#8221;483.4px&#8221; collapsed=&#8221;on&#8221; global_colors_info=&#8221;{}&#8221; theme_builder_area=&#8221;post_content&#8221;][et_pb_row _builder_version=&#8221;4.18.1&#8243; _module_preset=&#8221;default&#8221; module_alignment=&#8221;center&#8221; custom_padding=&#8221;0px|||||&#8221; global_colors_info=&#8221;{}&#8221; theme_builder_area=&#8221;post_content&#8221;][et_pb_column type=&#8221;4_4&#8243; _builder_version=&#8221;4.17.4&#8243; _module_preset=&#8221;default&#8221; custom_padding=&#8221;5%||||false|false&#8221; custom_padding_tablet=&#8221;0%||||false|false&#8221; custom_padding_phone=&#8221;0%||||false|false&#8221; custom_padding_last_edited=&#8221;on|tablet&#8221; global_colors_info=&#8221;{}&#8221; theme_builder_area=&#8221;post_content&#8221;][et_pb_text _builder_version=&#8221;4.18.1&#8243; _dynamic_attributes=&#8221;content&#8221; _module_preset=&#8221;c16985e1-e0d6-4022-964d-e2bfc04fa633&#8243; header_font=&#8221;Montserrat|700|||||||&#8221; header_text_color=&#8221;#FFFFFF&#8221; header_font_size=&#8221;55px&#8221; header_line_height=&#8221;1.3em&#8221; text_orientation=&#8221;center&#8221; min_height=&#8221;185px&#8221; custom_margin=&#8221;||2px|||&#8221; header_font_size_tablet=&#8221;40px&#8221; header_font_size_phone=&#8221;24px&#8221; header_font_size_last_edited=&#8221;on|desktop&#8221; global_colors_info=&#8221;{}&#8221; theme_builder_area=&#8221;post_content&#8221;]@ET-DC@eyJkeW5hbWljIjp0cnVlLCJjb250ZW50IjoicG9zdF90aXRsZSIsInNldHRpbmdzIjp7ImJlZm9yZSI6IjxoMT4iLCJhZnRlciI6IjwvaDE+In19@[\/et_pb_text][\/et_pb_column][\/et_pb_row][\/et_pb_section][et_pb_section fb_built=&#8221;1&#8243; admin_label=&#8221;About&#8221; _builder_version=&#8221;4.17.4&#8243; _module_preset=&#8221;default&#8221; custom_padding=&#8221;3px|||||&#8221; collapsed=&#8221;on&#8221; global_colors_info=&#8221;{}&#8221; theme_builder_area=&#8221;post_content&#8221;][et_pb_row column_structure=&#8221;1_2,1_2&#8243; _builder_version=&#8221;4.18.1&#8243; _module_preset=&#8221;default&#8221; custom_padding=&#8221;3px|||||&#8221; global_colors_info=&#8221;{}&#8221; theme_builder_area=&#8221;post_content&#8221;][et_pb_column type=&#8221;1_2&#8243; _builder_version=&#8221;4.18.1&#8243; _module_preset=&#8221;default&#8221; global_colors_info=&#8221;{}&#8221; theme_builder_area=&#8221;post_content&#8221;][et_pb_text _builder_version=&#8221;4.18.1&#8243; _dynamic_attributes=&#8221;content&#8221; _module_preset=&#8221;e6504a1b-67eb-4b3d-b023-bcab277610b6&#8243; text_font=&#8221;Montserrat|600|||||||&#8221; text_text_color=&#8221;#996e3d&#8221; text_font_size=&#8221;16px&#8221; header_4_font=&#8221;Montserrat|700||on|||||&#8221; header_4_text_color=&#8221;#aa6923&#8243; header_4_font_size=&#8221;15px&#8221; header_4_letter_spacing=&#8221;1px&#8221; header_4_line_height=&#8221;1.4em&#8221; custom_margin=&#8221;78px||0px||false|false&#8221; custom_padding=&#8221;||17px|||&#8221; locked=&#8221;off&#8221; global_colors_info=&#8221;{}&#8221; theme_builder_area=&#8221;post_content&#8221;]@ET-DC@eyJkeW5hbWljIjp0cnVlLCJjb250ZW50IjoicG9zdF9kYXRlIiwic2V0dGluZ3MiOnsiYmVmb3JlIjoiIiwiYWZ0ZXIiOiIiLCJkYXRlX2Zvcm1hdCI6ImRlZmF1bHQiLCJjdXN0b21fZGF0ZV9mb3JtYXQiOiIifX0=@[\/et_pb_text][\/et_pb_column][et_pb_column type=&#8221;1_2&#8243; _builder_version=&#8221;4.18.1&#8243; _module_preset=&#8221;default&#8221; global_colors_info=&#8221;{}&#8221; theme_builder_area=&#8221;post_content&#8221;][et_pb_text _builder_version=&#8221;4.18.1&#8243; _dynamic_attributes=&#8221;content&#8221; _module_preset=&#8221;e6504a1b-67eb-4b3d-b023-bcab277610b6&#8243; text_font=&#8221;Montserrat|600|||||||&#8221; text_text_color=&#8221;#996e3d&#8221; text_font_size=&#8221;16px&#8221; header_4_font=&#8221;Montserrat|700||on|||||&#8221; header_4_text_color=&#8221;#aa6923&#8243; header_4_font_size=&#8221;15px&#8221; header_4_letter_spacing=&#8221;1px&#8221; header_4_line_height=&#8221;1.4em&#8221; text_orientation=&#8221;right&#8221; custom_margin=&#8221;78px||0px||false|false&#8221; custom_margin_tablet=&#8221;0px||||false|false&#8221; custom_margin_phone=&#8221;0px||||false|false&#8221; custom_margin_last_edited=&#8221;on|phone&#8221; custom_padding=&#8221;||17px|||&#8221; text_orientation_tablet=&#8221;left&#8221; text_orientation_phone=&#8221;left&#8221; text_orientation_last_edited=&#8221;on|phone&#8221; locked=&#8221;off&#8221; global_colors_info=&#8221;{}&#8221; theme_builder_area=&#8221;post_content&#8221;]@ET-DC@eyJkeW5hbWljIjp0cnVlLCJjb250ZW50IjoicG9zdF9hdXRob3IiLCJzZXR0aW5ncyI6eyJiZWZvcmUiOiJTY3JpdHRvIGRhICIsImFmdGVyIjoiIiwibmFtZV9mb3JtYXQiOiJkaXNwbGF5X25hbWUiLCJsaW5rIjoib2ZmIiwibGlua19kZXN0aW5hdGlvbiI6ImF1dGhvcl9hcmNoaXZlIn19@[\/et_pb_text][\/et_pb_column][\/et_pb_row][et_pb_row _builder_version=&#8221;4.18.1&#8243; _module_preset=&#8221;default&#8221; global_colors_info=&#8221;{}&#8221; theme_builder_area=&#8221;post_content&#8221;][et_pb_column type=&#8221;4_4&#8243; _builder_version=&#8221;4.18.1&#8243; _module_preset=&#8221;default&#8221; global_colors_info=&#8221;{}&#8221; theme_builder_area=&#8221;post_content&#8221;][et_pb_text _builder_version=&#8221;4.21.0&#8243; _module_preset=&#8221;default&#8221; text_font=&#8221;Montserrat||||||||&#8221; text_font_size=&#8221;17px&#8221; text_line_height=&#8221;1.65em&#8221; width=&#8221;69%&#8221; module_alignment=&#8221;center&#8221; custom_margin=&#8221;|-425px||||&#8221; hover_enabled=&#8221;0&#8243; locked=&#8221;off&#8221; global_colors_info=&#8221;{}&#8221; theme_builder_area=&#8221;post_content&#8221; sticky_enabled=&#8221;0&#8243;]<\/p>\n<p style=\"text-align: justify;\">Il decreto legislativo 8 giugno 2001, n. 231 disciplina la responsabilit\u00e0 amministrativa delle persone giuridiche,\u00a0 delle societ\u00e0 e delle associazione (anche di quelle prive di responsabilit\u00e0 giuridiche <em>ex<\/em> art. 11 della legge 29 settembre 2000, n. 300). Il predetto decreto riveste un\u2019enorme importanza dal momento che ha introdotto una non trascurabile novit\u00e0 nell\u2019ambito del diritto d\u2019impresa. \u00c8 proprio grazie al decreto n. 231\/2001 che \u00e8 stata prevista una responsabilit\u00e0 amministrativa, anche nel processo penale, in capo alle persone giuridiche, per una serie di reati commessi dai loro amministratori, dirigenti o dipendenti nell\u2019esercizio delle loro funzioni nell\u2019interesse o a vantaggio dell\u2019impresa. Pertanto,\u00a0 sono soggetti alla disciplina prevista dal decreto legislativo n. 231\/2001 tutti gli enti dotati della personalit\u00e0 giuridica, senza distinzioni in ragione della loro forma societaria, della loro dimensione o del loro oggetto.<\/p>\n<p style=\"text-align: justify;\">Trattandosi di una disciplina italiana, nata sul territorio dello Stato italiano, sorge spontaneo domandarsi se il predetto decreto legislativo possa ritenersi applicabile anche alle societ\u00e0 operanti in Italia, ma aventi sede legale all\u2019estero. Premesso che la predetta normativa si applica anche nel caso in cui il reato-presupposto sia commesso all\u2019estero da un ente italiano<a href=\"#_ftn1\" name=\"_ftnref1\"><span>[1]<\/span><\/a>, appare pacifico ritenere estendibile questa disciplina a un ente straniero nel caso in cui il reato-presupposto sia commesso sul territorio italiano.<\/p>\n<p style=\"text-align: justify;\">A chiarire ogni dubbio \u00e8 stata la Suprema Corte di Cassazione con la sentenza n. 11626 del 7 aprile 2020, del tutto in linea sul punto con le precedenti pronunce di merito.<\/p>\n<p style=\"text-align: justify;\"><em>In primis<\/em>, la Corte ha rilevato che l\u2019art. 1, comma 2, del decreto legislativo n. 231\/2001<a href=\"#_ftn2\" name=\"_ftnref2\"><span>[2]<\/span><\/a> non effettua alcuna distinzione tra societ\u00e0 aventi sede in Italia e societ\u00e0 aventi sede all\u2019estero, ricomprendendo indistintamente entrambe le categorie all\u2019interno dell\u2019ambito di applicazione della disciplina contenuta nel predetto decreto. A sostegno di ci\u00f2 \u00e8 bene ricordare che il legislatore, al comma 3<a href=\"#_ftn3\" name=\"_ftnref3\"><span>[3]<\/span><\/a> del predetto articolo, avendo espressamente previsto una specifica esclusione della disciplina in favore dello Stato, degli enti pubblici territoriali, degli altri enti pubblici non economici e degli enti<a href=\"#_ftn4\" name=\"_ftnref4\"><span>[4]<\/span><\/a> che svolgono funzioni di rilievo costituzionale, ed essendo questo elenco tassativo, ha quindi deciso di ritenere implicitamente applicabile la suddetta normativa a tutti gli altri enti non elencati. Pertanto, anche gli enti e le societ\u00e0 con sede al di fuori del territorio italiano soggiacciono a quanto stabilito dal decreto legislativo n. 231 del 2001.<\/p>\n<p style=\"text-align: justify;\"><em>In secundis<\/em>, anche l\u2019art. 36, comma 1, del decreto n. 231\/2001 depone a favore della predetta interpretazione affermando che <em>\u201cla competenza a conoscere gli illeciti amministrativi dell\u2019ente appartiene al giudice penale competente per i reati dai quali gli stessi dipendono\u201d<\/em>. Pertanto, il giudice competente \u00e8 quello del <em>locus commissi delicti<\/em><a href=\"#_ftn5\" name=\"_ftnref5\"><span>[5]<\/span><\/a> avvalorando la tesi secondo cui se il reato-presupposto \u00e8 stato commesso in Italia, la competenza spetta ai giudici italiani che, inevitabilmente, applicheranno la legge italiana, <em>ivi<\/em> compresa la disciplina contenuta all\u2019interno del decreto legislativo n. 231\/2001. A sostegno di ci\u00f2 si possono citare, senza dubbio, l\u2019art. 3, comma 1<a href=\"#_ftn6\" name=\"_ftnref6\"><span>[6]<\/span><\/a>, c.p. e l\u2019art. 6, comma 1<a href=\"#_ftn7\" name=\"_ftnref7\"><span>[7]<\/span><\/a>, c.p. secondo cui, in sintesi, la legge italiana obbliga tutti coloro che si trovano sul suolo dello Stato italiano e punisce chi commette un reato all\u2019interno del territorio italiano.<\/p>\n<p style=\"text-align: justify;\">Alla luce di ci\u00f2 l\u2019ente persona giuridica, al pari di una persona fisica, \u00e8 sottoposto alla legge italiana ed \u00e8 tenuto a osservarla. Pertanto, nel caso in cui un ente commetta un reato in Italia, indipendentemente dal luogo dove ha la sede e indipendentemente dalla sua nazionalit\u00e0, dovr\u00e0 rispondere della violazione della legge penale italiana. Se cos\u00ec non fosse si creerebbe un\u2019ingiustificata disparit\u00e0 di trattamento<a href=\"#_ftn8\" name=\"_ftnref8\"><span>[8]<\/span><\/a>, tra l\u2019altro, contraria all\u2019art. 3 Cost. che sancisce il principio di eguaglianza fra il trattamento destinato alle persone fisiche e quello destinato alle persone giuridiche.<\/p>\n<p style=\"text-align: justify;\">A tal proposito, la gi\u00e0 citata sentenza della Corte di Cassazione n. 11626 del 2020 stabilisce che:<\/p>\n<p style=\"text-align: justify;\">\n<p style=\"text-align: justify;\">\u00a0 <em>\u201cl\u2019ente risponda, al pari di &#8220;chiunque&#8221; \u2013 cio\u00e8 di una qualunque persona fisica \u2013, degli effetti della propria &#8220;condotta&#8221;, a prescindere dalla sua nazionalit\u00e0 o dal luogo ove si trova la sua sede principale o esplica in via preminente la propria operativit\u00e0, qualora il reato-presupposto sia stato commesso sul territorio nazionale (o debba comunque ritenersi commesso in Italia <strong>o si versi in talune delle ipotesi nelle quali sussiste la giurisdizione nazionale <\/strong>anche in caso di reato commesso all&#8217;estero), all\u2019ovvia condizione che siano integrati gli ulteriori criteri di imputazione della responsabilit\u00e0 ex <strong>artt. 5 e seguenti d.lgs. n. 231\/2001\u201d<\/strong><\/em><a href=\"#_ftn9\" name=\"_ftnref9\"><span>[9]<\/span><\/a><strong>.<\/strong><\/p>\n<p style=\"text-align: justify;\">\n<p style=\"text-align: justify;\">Pertanto, alla luce dell&#8217;analisi appena condotta, \u00e8 pacifico che<strong> la disciplina delineata dal decreto legislativo n. 231 del 2001 sia applicabile anche agli enti e alle societ\u00e0, con sede legale all&#8217;estero, che commettono un reato all&#8217;interno del territorio italiano.<\/strong><\/p>\n<p style=\"text-align: justify;\">\n<p style=\"text-align: justify;\"><em>Avv. Francesco del Deo, diritto penale, Genova<\/em><\/p>\n<p style=\"text-align: justify;\">f.deldeo@studiolegaledeldeo.com<\/p>\n<p style=\"text-align: justify;\">\n<p><a href=\"#_ftnref1\" name=\"_ftn1\"><span>[1]<\/span><\/a>\u00a0\u00a0\u00a0\u00a0 Si veda l\u2019art. 4, comma 1, decreto legislativo n. 231\/2001 (Reati commessi all\u2019estero): <em>\u201cNei casi e alle condizioni previsti dagli articoli 7, 8, 9 e 10 del codice penale, gli enti aventi nel territorio dello Stato la sede principale rispondono anche in relazione ai reati commessi all\u2019estero, purch\u00e9 nei loro confronti non proceda lo Stato del luogo in cui \u00e8 stato commesso il fatto\u201d<\/em>.<\/p>\n<p><a href=\"#_ftnref2\" name=\"_ftn2\"><span>[2]<\/span><\/a>\u00a0\u00a0\u00a0\u00a0 Art. 1, comma 2, decreto legislativo n. 231\/2001 (Soggetti): <em>\u201cLe disposizioni in esso previste si applicano agli enti forniti di personalit\u00e0 giuridica e alle societ\u00e0 e associazioni anche prive di personalit\u00e0 giuridica\u201d<\/em>.<\/p>\n<p><a href=\"#_ftnref3\" name=\"_ftn3\"><span>[3]<\/span><\/a>\u00a0\u00a0\u00a0\u00a0 Art. 1, comma 3, decreto legislativo n. 231\/2001 (Soggetti): <em>\u201cNon si applicano allo Stato, agli enti pubblici territoriali, agli enti pubblici non economici nonch\u00e9 agli enti che svolgono funzioni di rilievo costituzionale\u201d<\/em>.<\/p>\n<p><a href=\"#_ftnref4\" name=\"_ftn4\"><span>[4]<\/span><\/a>\u00a0\u00a0\u00a0\u00a0 L\u2019elenco contenuto all\u2019interno dell\u2019art. 1, comma 3, decreto legislativo n. 231\/2001 \u00e8 pertanto tassativo.<\/p>\n<p><a href=\"#_ftnref5\" name=\"_ftn5\"><span>[5]<\/span><\/a>\u00a0\u00a0\u00a0\u00a0 A tal proposito si veda l\u2019art. 8, comma 1, c.p.p. (Regole generali): <em>\u201cLa competenza per territorio \u00e8 determinata dal luogo in cui il reato \u00e8 stato consumato\u201d<\/em>.<\/p>\n<p><a href=\"#_ftnref6\" name=\"_ftn6\"><span>[6]<\/span><\/a>\u00a0\u00a0\u00a0\u00a0 Art. 3, comma 1, c.p. (Obbligatoriet\u00e0 della legge penale): <em>\u201cLa legge penale obbliga tutti coloro che, cittadini o stranieri, si trovano nel territorio dello Stato, salve le eccezioni stabilite dal diritto pubblico interno o dal diritto internazionale\u201d.<\/em><\/p>\n<p><a href=\"#_ftnref7\" name=\"_ftn7\"><span>[7]<\/span><\/a>\u00a0\u00a0\u00a0\u00a0 Art. 6, comma 1, c.p. (Reati commessi nel territorio dello Stato): <em>\u201cChiunque commette un reati nel territorio dello Stato \u00e8 punito secondo la legge italiana\u201d.<\/em><\/p>\n<p><a href=\"#_ftnref8\" name=\"_ftn8\"><span>[8]<\/span><\/a>\u00a0\u00a0\u00a0\u00a0 G. Principato \u2013 G. Cassinari, <em>La (imperfetta) sovrapponibilit\u00e0 della giurisdizione per le persone fisiche e per gli enti stranieri: riflessioni a margine di una sentenza della Cassazione sull\u2019art. 4 d.lgs. 231\/2001<\/em>, Sistema Penale, 6 maggio 2020.<\/p>\n<p><a href=\"#_ftnref9\" name=\"_ftn9\"><span>[9]<\/span><\/a>\u00a0\u00a0\u00a0\u00a0 Cass. pen. sez. VI, sent. 7 aprile 2020, n. 11626, pag. 15.<\/p>\n<p>[\/et_pb_text][\/et_pb_column][\/et_pb_row][et_pb_row _builder_version=&#8221;4.18.1&#8243; _module_preset=&#8221;default&#8221; global_colors_info=&#8221;{}&#8221; theme_builder_area=&#8221;post_content&#8221;][et_pb_column type=&#8221;4_4&#8243; _builder_version=&#8221;4.18.1&#8243; _module_preset=&#8221;default&#8221; global_colors_info=&#8221;{}&#8221; theme_builder_area=&#8221;post_content&#8221;][et_pb_post_nav prev_text=&#8221;Articolo precendente&#8221; next_text=&#8221;Articolo successivo&#8221; _builder_version=&#8221;4.18.1&#8243; _module_preset=&#8221;default&#8221; title_font_size_tablet=&#8221;&#8221; title_font_size_phone=&#8221;12px&#8221; title_font_size_last_edited=&#8221;on|phone&#8221; global_colors_info=&#8221;{}&#8221; theme_builder_area=&#8221;post_content&#8221;][\/et_pb_post_nav][\/et_pb_column][\/et_pb_row][\/et_pb_section]<\/p>\n","protected":false},"excerpt":{"rendered":"<p>Il decreto legislativo 8 giugno 2001, n. 231 disciplina la responsabilit\u00e0 amministrativa delle persone giuridiche,\u00a0 delle societ\u00e0 e delle associazione (anche di quelle prive di responsabilit\u00e0 giuridiche ex art. 11 della legge 29 settembre 2000, n. 300). Il predetto decreto riveste un\u2019enorme importanza dal momento che ha introdotto una non trascurabile novit\u00e0 nell\u2019ambito del diritto [&hellip;]<\/p>\n","protected":false},"author":15,"featured_media":1312,"comment_status":"closed","ping_status":"closed","sticky":false,"template":"","format":"standard","meta":{"_et_pb_use_builder":"on","_et_pb_old_content":"","_et_gb_content_width":"","footnotes":""},"categories":[1],"tags":[],"class_list":["post-1311","post","type-post","status-publish","format-standard","has-post-thumbnail","hentry","category-uncategorized"],"_links":{"self":[{"href":"https:\/\/www.willeague.com\/italia\/wp-json\/wp\/v2\/posts\/1311","targetHints":{"allow":["GET"]}}],"collection":[{"href":"https:\/\/www.willeague.com\/italia\/wp-json\/wp\/v2\/posts"}],"about":[{"href":"https:\/\/www.willeague.com\/italia\/wp-json\/wp\/v2\/types\/post"}],"author":[{"embeddable":true,"href":"https:\/\/www.willeague.com\/italia\/wp-json\/wp\/v2\/users\/15"}],"replies":[{"embeddable":true,"href":"https:\/\/www.willeague.com\/italia\/wp-json\/wp\/v2\/comments?post=1311"}],"version-history":[{"count":2,"href":"https:\/\/www.willeague.com\/italia\/wp-json\/wp\/v2\/posts\/1311\/revisions"}],"predecessor-version":[{"id":1314,"href":"https:\/\/www.willeague.com\/italia\/wp-json\/wp\/v2\/posts\/1311\/revisions\/1314"}],"wp:featuredmedia":[{"embeddable":true,"href":"https:\/\/www.willeague.com\/italia\/wp-json\/wp\/v2\/media\/1312"}],"wp:attachment":[{"href":"https:\/\/www.willeague.com\/italia\/wp-json\/wp\/v2\/media?parent=1311"}],"wp:term":[{"taxonomy":"category","embeddable":true,"href":"https:\/\/www.willeague.com\/italia\/wp-json\/wp\/v2\/categories?post=1311"},{"taxonomy":"post_tag","embeddable":true,"href":"https:\/\/www.willeague.com\/italia\/wp-json\/wp\/v2\/tags?post=1311"}],"curies":[{"name":"wp","href":"https:\/\/api.w.org\/{rel}","templated":true}]}}